{"id":8784,"date":"2025-06-02T10:45:29","date_gmt":"2025-06-02T10:45:29","guid":{"rendered":"https:\/\/beyondsuncare.org\/fundacion-unicaja-beyond-suncare-proteccion-albinismo-ruanda\/"},"modified":"2025-12-19T09:16:50","modified_gmt":"2025-12-19T09:16:50","slug":"fundacion-unicaja-beyond-suncare-albinism-protection-rwanda","status":"publish","type":"post","link":"https:\/\/beyondsuncare.org\/en\/fundacion-unicaja-beyond-suncare-albinism-protection-rwanda\/","title":{"rendered":"Fundaci\u00f3n Unicaja and Beyond Suncare: together to protect people with albinism in Rwanda from skin cancer"},"content":{"rendered":"<h2 data-start=\"0\" data-end=\"47\"><strong data-start=\"0\" data-end=\"47\">A collaboration for life and social justice<\/strong><\/h2>\n<p data-start=\"49\" data-end=\"427\">In Africa, being born with albinism means facing extreme vulnerability. Not only because of social discrimination, but also because the sun can become a lethal enemy. In Rwanda, where access to healthcare is limited\u2014with only ten dermatologists in the entire country, nine of them based in the capital\u2014people with albinism continue to die prematurely as a result of skin cancer.<\/p>\n<p data-start=\"429\" data-end=\"753\" data-is-last-node=\"\" data-is-only-node=\"\">Through the project <strong><em data-start=\"449\" data-end=\"530\">\u201cWalk in Their Skin: Fighting Skin Cancer Among People with Albinism in Rwanda\u201d<\/em><\/strong>, Beyond Suncare will drive real change in the lives of this community thanks to the support of Fundaci\u00f3n Unicaja, within the framework of the extraordinary calls launched by Fundaci\u00f3n Unicaja to mark its tenth anniversary.<\/p>\n<p><img decoding=\"async\" class=\"alignnone wp-image-7985 size-large\" src=\"https:\/\/beyondsuncare.org\/wp-content\/uploads\/2025\/06\/11-1024x683.jpg\" alt=\"Tratamiento de lesiones precancerosas a una paciente en una de las cl\u00ednicas que Health Alert Organization- la contraparte local de Beyond-lleva a cabo en el pa\u00eds.\" width=\"1024\" height=\"683\" srcset=\"https:\/\/beyondsuncare.org\/wp-content\/uploads\/2025\/06\/11-1024x683.jpg 1024w, https:\/\/beyondsuncare.org\/wp-content\/uploads\/2025\/06\/11-300x200.jpg 300w, https:\/\/beyondsuncare.org\/wp-content\/uploads\/2025\/06\/11-768x512.jpg 768w, https:\/\/beyondsuncare.org\/wp-content\/uploads\/2025\/06\/11.jpg 1200w\" sizes=\"(max-width: 1024px) 100vw, 1024px\" \/><\/p>\n<h2>When sun exposure can be deadly<\/h2>\n<p data-start=\"37\" data-end=\"372\">In sub-Saharan Africa, nine out of ten people with albinism do not live beyond the age of 30, mainly due to skin cancer. This alarming figure reflects the lack of access to sun protection measures, specialized dermatological care, and accurate information about the condition, compounded by the persistence of myths and misconceptions.<\/p>\n<p data-start=\"374\" data-end=\"726\" data-is-last-node=\"\" data-is-only-node=\"\">Rwanda, with only 10 dermatologists serving a population of 14 million, is a clear example of this reality. The situation is further exacerbated by the fact that 80% of people with albinism live in rural areas, where there is no access to dermatological care in health centers for this community and where social stigma intensifies their vulnerability.<\/p>\n<p><img decoding=\"async\" class=\"alignnone wp-image-7991 size-large\" src=\"https:\/\/beyondsuncare.org\/wp-content\/uploads\/2025\/06\/13-1024x683.jpg\" alt=\"Beneficiarios y beneficiarias del programa Beyond en Ruanda atienden las sesiones educativas realizadas dentro del marco de las cl\u00ednicas dermatol\u00f3gicas. \" width=\"1024\" height=\"683\" srcset=\"https:\/\/beyondsuncare.org\/wp-content\/uploads\/2025\/06\/13-1024x683.jpg 1024w, https:\/\/beyondsuncare.org\/wp-content\/uploads\/2025\/06\/13-300x200.jpg 300w, https:\/\/beyondsuncare.org\/wp-content\/uploads\/2025\/06\/13-768x512.jpg 768w, https:\/\/beyondsuncare.org\/wp-content\/uploads\/2025\/06\/13.jpg 1200w\" sizes=\"(max-width: 1024px) 100vw, 1024px\" \/><\/p>\n<div class=\"text-base my-auto mx-auto pb-10 [--thread-content-margin:--spacing(4)] @w-sm\/main:[--thread-content-margin:--spacing(6)] @w-lg\/main:[--thread-content-margin:--spacing(16)] px-(--thread-content-margin)\">\n<div class=\"[--thread-content-max-width:40rem] @w-lg\/main:[--thread-content-max-width:48rem] mx-auto max-w-(--thread-content-max-width) flex-1 group\/turn-messages focus-visible:outline-hidden relative flex w-full min-w-0 flex-col agent-turn\" tabindex=\"-1\">\n<div class=\"flex max-w-full flex-col grow\">\n<div class=\"min-h-8 text-message relative flex w-full flex-col items-end gap-2 text-start break-words whitespace-normal [.text-message+&amp;]:mt-1\" dir=\"auto\" data-message-author-role=\"assistant\" data-message-id=\"83970370-5fc2-4f33-aeca-317b2c8df194\" data-message-model-slug=\"gpt-5-2\">\n<div class=\"flex w-full flex-col gap-1 empty:hidden first:pt-[1px]\">\n<div class=\"streaming-animation markdown prose dark:prose-invert w-full break-words light markdown-new-styling\">\n<h2 data-start=\"0\" data-end=\"62\"><strong data-start=\"0\" data-end=\"62\">Health, training, and inclusion: a transformative response<\/strong><\/h2>\n<\/div>\n<\/div>\n<\/div>\n<\/div>\n<\/div>\n<\/div>\n<blockquote>\n<p style=\"font-weight: 400; text-align: center;\">Thanks to the support of Fundaci\u00f3n Unicaja, Beyond Suncare will expand its intervention model and provide healthcare to people with albinism in five districts across the country, through dermatology clinics that will be organized on a regular basis in district hospitals and local health centers.<\/p>\n<\/blockquote>\n<p style=\"font-weight: 400;\">In these clinics, in addition to receiving medical care, people with albinism will take part in training sessions about their condition and the importance of adopting sun protection measures such as wide-brimmed hats, sunglasses, and the UMOZI MAX sunscreen. This product, developed by Beyond Suncare, has been specifically designed to meet the needs of those exposed to extreme solar radiation. UMOZI MAX has proven to be more effective than the limited sunscreens available in the country, as supported by various scientific studies. Its formula, tailored to the needs and preferences of people with albinism, makes application easier and encourages consistent use. Finally, during each clinic, sun protection materials will be distributed free of charge to a population facing high socioeconomic vulnerability.<\/p>\n<div class=\"text-base my-auto mx-auto pb-10 [--thread-content-margin:--spacing(4)] @w-sm\/main:[--thread-content-margin:--spacing(6)] @w-lg\/main:[--thread-content-margin:--spacing(16)] px-(--thread-content-margin)\">\n<div class=\"[--thread-content-max-width:40rem] @w-lg\/main:[--thread-content-max-width:48rem] mx-auto max-w-(--thread-content-max-width) flex-1 group\/turn-messages focus-visible:outline-hidden relative flex w-full min-w-0 flex-col agent-turn\" tabindex=\"-1\">\n<div class=\"flex max-w-full flex-col grow\">\n<div class=\"min-h-8 text-message relative flex w-full flex-col items-end gap-2 text-start break-words whitespace-normal [.text-message+&amp;]:mt-1\" dir=\"auto\" data-message-author-role=\"assistant\" data-message-id=\"1ff0a010-4c4d-400d-8077-c2c7ef9a5bdb\" data-message-model-slug=\"gpt-5-2\">\n<div class=\"flex w-full flex-col gap-1 empty:hidden first:pt-[1px]\">\n<div class=\"streaming-animation markdown prose dark:prose-invert w-full break-words light markdown-new-styling\">\n<h2 data-start=\"0\" data-end=\"98\"><strong data-start=\"0\" data-end=\"98\">\u201cBeyond Protection Package\u201d: a standardized and easily replicable model in African communities<\/strong><\/h2>\n<\/div>\n<\/div>\n<\/div>\n<\/div>\n<\/div>\n<\/div>\n<p data-start=\"100\" data-end=\"600\">The project goes beyond direct medical care. One of its core pillars is the specialized training of healthcare personnel, which will make it possible to establish regular and sustained access to dermatological care for people with albinism in the future. These theoretical and practical training sessions are designed to enable professionals to identify precancerous lesions at an early stage, appropriately refer complex cases, and provide comprehensive and compassionate follow-up to beneficiaries.<\/p>\n<p data-start=\"602\" data-end=\"838\">This approach plays a decisive role in strengthening Rwanda\u2019s healthcare system and in ensuring the long-term sustainability and continuity of the project, guaranteeing that the progress achieved endures beyond the initial intervention.<\/p>\n<p data-start=\"840\" data-end=\"1276\" data-is-last-node=\"\" data-is-only-node=\"\">In addition, the project includes the empowerment and training of community leaders and representatives of civil society organizations, such as the Rwandan Albinism Network (RAN), along with district disability officers. These key stakeholders play a fundamental role as effective links between health services and beneficiary communities, facilitating awareness-raising, support, and the advocacy of the rights of people with albinism.<\/p>\n<p><img decoding=\"async\" class=\"alignnone wp-image-7958 size-large\" src=\"https:\/\/beyondsuncare.org\/wp-content\/uploads\/2025\/06\/2-1024x683.jpg\" alt=\"Un trabajador sanitario local ofrece con dedicaci\u00f3n informaci\u00f3n y atenci\u00f3n dermatol\u00f3gica a dos ni\u00f1os con albinismo, cuidando su salud.\" width=\"1024\" height=\"683\" srcset=\"https:\/\/beyondsuncare.org\/wp-content\/uploads\/2025\/06\/2-1024x683.jpg 1024w, https:\/\/beyondsuncare.org\/wp-content\/uploads\/2025\/06\/2-300x200.jpg 300w, https:\/\/beyondsuncare.org\/wp-content\/uploads\/2025\/06\/2-768x512.jpg 768w, https:\/\/beyondsuncare.org\/wp-content\/uploads\/2025\/06\/2.jpg 1200w\" sizes=\"(max-width: 1024px) 100vw, 1024px\" \/><\/p>\n<h2>Raising awareness to transform mindsets and break stigma<\/h2>\n<p style=\"font-weight: 400;\">To combat the social exclusion faced by people with albinism in the country, Beyond Suncare and Fundaci\u00f3n Unicaja will promote awareness-raising actions such as the production of radio programs focused on human rights and the realities of people with albinism. Broadcast in local languages, these programs will extend the reach of Beyond Suncare\u2019s message, particularly to rural communities where access to information is more limited. In this way, they will help educate the public and foster a more inclusive and respectful perception of this historically marginalized community.<\/p>\n<p><img decoding=\"async\" class=\"alignnone wp-image-7988 size-large\" src=\"https:\/\/beyondsuncare.org\/wp-content\/uploads\/2025\/06\/12-1024x683.jpg\" alt=\"Ni\u00f1os y ni\u00f1as con albinismo se encuentran en las cl\u00ednicas y descubren que no est\u00e1n solos, compartiendo vivencias con otros con su condici\u00f3n.\" width=\"1024\" height=\"683\" srcset=\"https:\/\/beyondsuncare.org\/wp-content\/uploads\/2025\/06\/12-1024x683.jpg 1024w, https:\/\/beyondsuncare.org\/wp-content\/uploads\/2025\/06\/12-300x200.jpg 300w, https:\/\/beyondsuncare.org\/wp-content\/uploads\/2025\/06\/12-768x512.jpg 768w, https:\/\/beyondsuncare.org\/wp-content\/uploads\/2025\/06\/12.jpg 1200w\" sizes=\"(max-width: 1024px) 100vw, 1024px\" \/><\/p>\n<div class=\"text-base my-auto mx-auto pb-10 [--thread-content-margin:--spacing(4)] @w-sm\/main:[--thread-content-margin:--spacing(6)] @w-lg\/main:[--thread-content-margin:--spacing(16)] px-(--thread-content-margin)\">\n<div class=\"[--thread-content-max-width:40rem] @w-lg\/main:[--thread-content-max-width:48rem] mx-auto max-w-(--thread-content-max-width) flex-1 group\/turn-messages focus-visible:outline-hidden relative flex w-full min-w-0 flex-col agent-turn\" tabindex=\"-1\">\n<div class=\"flex max-w-full flex-col grow\">\n<div class=\"min-h-8 text-message relative flex w-full flex-col items-end gap-2 text-start break-words whitespace-normal [.text-message+&amp;]:mt-1\" dir=\"auto\" data-message-author-role=\"assistant\" data-message-id=\"5fa50ce6-b6bc-4cea-8486-aff0c057d283\" data-message-model-slug=\"gpt-5-2\">\n<div class=\"flex w-full flex-col gap-1 empty:hidden first:pt-[1px]\">\n<div class=\"streaming-animation markdown prose dark:prose-invert w-full break-words light markdown-new-styling\">\n<h2 data-start=\"0\" data-end=\"53\"><strong data-start=\"0\" data-end=\"53\">Beyond Suncare: a story of commitment and results<\/strong><\/h2>\n<\/div>\n<\/div>\n<\/div>\n<\/div>\n<\/div>\n<\/div>\n<p data-start=\"55\" data-end=\"400\">Beyond Suncare was founded in 2017 with the aim of guaranteeing the right to health and social inclusion for people with albinism in Africa. Since then, it has achieved significant impact, providing care to more than 4,000 people with albinism in the countries where it operates: Malawi, Uganda, Rwanda, and the Democratic Republic of the Congo.<\/p>\n<p data-start=\"402\" data-end=\"844\">Its intervention model was recognized in 2019 by the United Nations as a \u201cGood Practice\u201d in the official report<a href=\"https:\/\/www.ohchr.org\/sites\/default\/files\/Documents\/Issues\/Albinism\/A-75-170-Addendum.pdf\"> A\/75\/170\/Add.1,<\/a> which highlights best strategies for the inclusion of people with albinism. In addition, the effectiveness of this approach has been scientifically validated through a study published in the <em data-start=\"721\" data-end=\"759\">International Journal of Dermatology<\/em>, demonstrating significant improvements in the health of those who receive its care.<\/p>\n<p data-start=\"846\" data-end=\"1193\" data-is-last-node=\"\" data-is-only-node=\"\">Beyond these recognitions, Beyond Suncare continues to strengthen its scientific and practical foundation through new research and evaluation missions, in collaboration with experts in international cooperation and dermatology, as well as with local authorities, partners, and civil society organizations that are an essential part of its mission.<\/p>\n<div class=\"text-base my-auto mx-auto pb-10 [--thread-content-margin:--spacing(4)] @w-sm\/main:[--thread-content-margin:--spacing(6)] @w-lg\/main:[--thread-content-margin:--spacing(16)] px-(--thread-content-margin)\">\n<div class=\"[--thread-content-max-width:40rem] @w-lg\/main:[--thread-content-max-width:48rem] mx-auto max-w-(--thread-content-max-width) flex-1 group\/turn-messages focus-visible:outline-hidden relative flex w-full min-w-0 flex-col agent-turn\" tabindex=\"-1\">\n<div class=\"flex max-w-full flex-col grow\">\n<div class=\"min-h-8 text-message relative flex w-full flex-col items-end gap-2 text-start break-words whitespace-normal [.text-message+&amp;]:mt-1\" dir=\"auto\" data-message-author-role=\"assistant\" data-message-id=\"23aaa51f-29d9-48f5-86ce-7ca53853abd2\" data-message-model-slug=\"gpt-5-2\">\n<div class=\"flex w-full flex-col gap-1 empty:hidden first:pt-[1px]\">\n<div class=\"markdown prose dark:prose-invert w-full break-words light markdown-new-styling\">\n<h2 data-start=\"0\" data-end=\"69\"><strong data-start=\"0\" data-end=\"69\">Fundaci\u00f3n Unicaja and Beyond Suncare: together we help save lives<\/strong><\/h2>\n<\/div>\n<\/div>\n<\/div>\n<\/div>\n<\/div>\n<\/div>\n<p data-start=\"71\" data-end=\"588\">The strategic alliance between Fundaci\u00f3n Unicaja and Beyond Suncare will not only make it possible to expand the number of people reached by our program in Rwanda, but also to increase the frequency of dermatology clinics, optimize on-the-ground service logistics, and ensure the continuous distribution of UMOZI MAX to those who need it most. In addition, the capacities of healthcare workers and local civil society organizations will be strengthened, with the aim of generating a transformative and lasting impact.<\/p>\n<p data-start=\"590\" data-end=\"785\">Protecting the skin means protecting the dignity, health, and future of those who have historically been forgotten. Together, we are illuminating a new horizon for people with albinism in Rwanda.<\/p>\n<p data-start=\"787\" data-end=\"825\" data-is-last-node=\"\" data-is-only-node=\"\"><a href=\"https:\/\/www.fundacionunicaja.com\/\"><strong data-start=\"787\" data-end=\"825\" data-is-last-node=\"\">Fundaci\u00f3n Unicaja official website<\/strong><\/a><\/p>\n","protected":false},"excerpt":{"rendered":"<p>Fundaci\u00f3n Unicaja and Beyond Suncare join forces to protect people with albinism in Rwanda, providing access to sun protection and specialized healthcare.<\/p>\n","protected":false},"author":13,"featured_media":7998,"comment_status":"closed","ping_status":"closed","sticky":false,"template":"","format":"standard","meta":{"give_campaign_id":0,"footnotes":""},"categories":[143],"tags":[],"class_list":["post-8784","post","type-post","status-publish","format-standard","has-post-thumbnail","hentry","category-charity-en"],"yoast_head":"<title>Fundaci\u00f3n Unicaja and Beyond Suncare: together to protect people with albinism in Rwanda from skin cancer - Beyond suncare<\/title>\n<meta name=\"description\" content=\"Thanks to the support of Fundaci\u00f3n Unicaja, Beyond Suncare is strengthening its program in Rwanda to protect people with albinism in five districts across the country, ensuring their right to health and social inclusion.\" \/>\n<meta name=\"robots\" content=\"index, follow, max-snippet:-1, max-image-preview:large, max-video-preview:-1\" \/>\n<link rel=\"canonical\" href=\"https:\/\/beyondsuncare.org\/en\/fundacion-unicaja-beyond-suncare-albinism-protection-rwanda\/\" \/>\n<meta property=\"og:locale\" content=\"en_US\" \/>\n<meta property=\"og:type\" content=\"article\" \/>\n<meta property=\"og:title\" content=\"Fundaci\u00f3n Unicaja and Beyond Suncare: together to protect people with albinism in Rwanda from skin cancer - Beyond suncare\" \/>\n<meta property=\"og:description\" content=\"Thanks to the support of Fundaci\u00f3n Unicaja, Beyond Suncare is strengthening its program in Rwanda to protect people with albinism in five districts across the country, ensuring their right to health and social inclusion.\" \/>\n<meta property=\"og:url\" content=\"https:\/\/beyondsuncare.org\/en\/fundacion-unicaja-beyond-suncare-albinism-protection-rwanda\/\" \/>\n<meta property=\"og:site_name\" content=\"Beyond suncare\" \/>\n<meta property=\"article:publisher\" content=\"https:\/\/www.facebook.com\/beyondsuncare\" \/>\n<meta property=\"article:published_time\" content=\"2025-06-02T10:45:29+00:00\" \/>\n<meta property=\"article:modified_time\" content=\"2025-12-19T09:16:50+00:00\" \/>\n<meta property=\"og:image\" content=\"https:\/\/beyondsuncare.org\/wp-content\/uploads\/2025\/06\/15.jpg\" \/>\n\t<meta property=\"og:image:width\" content=\"1200\" \/>\n\t<meta property=\"og:image:height\" content=\"800\" \/>\n\t<meta property=\"og:image:type\" content=\"image\/jpeg\" \/>\n<meta name=\"author\" content=\"Marc Pedroviejo\" \/>\n<meta name=\"twitter:card\" content=\"summary_large_image\" \/>\n<meta name=\"twitter:creator\" content=\"@beyondsuncare\" \/>\n<meta name=\"twitter:site\" content=\"@beyondsuncare\" \/>\n<meta name=\"twitter:label1\" content=\"Written by\" \/>\n\t<meta name=\"twitter:data1\" content=\"Marc Pedroviejo\" \/>\n\t<meta name=\"twitter:label2\" content=\"Est. reading time\" \/>\n\t<meta name=\"twitter:data2\" content=\"6 minutes\" \/>\n<script type=\"application\/ld+json\" class=\"yoast-schema-graph\">{\"@context\":\"https:\/\/schema.org\",\"@graph\":[{\"@type\":\"Article\",\"@id\":\"https:\/\/beyondsuncare.org\/en\/fundacion-unicaja-beyond-suncare-albinism-protection-rwanda\/#article\",\"isPartOf\":{\"@id\":\"https:\/\/beyondsuncare.org\/en\/fundacion-unicaja-beyond-suncare-albinism-protection-rwanda\/\"},\"author\":{\"name\":\"Marc Pedroviejo\",\"@id\":\"https:\/\/beyondsuncare.org\/en\/#\/schema\/person\/fa3437909deff644900735264886b857\"},\"headline\":\"Fundaci\u00f3n Unicaja and Beyond Suncare: together to protect people with albinism in Rwanda from skin cancer\",\"datePublished\":\"2025-06-02T10:45:29+00:00\",\"dateModified\":\"2025-12-19T09:16:50+00:00\",\"mainEntityOfPage\":{\"@id\":\"https:\/\/beyondsuncare.org\/en\/fundacion-unicaja-beyond-suncare-albinism-protection-rwanda\/\"},\"wordCount\":995,\"publisher\":{\"@id\":\"https:\/\/beyondsuncare.org\/en\/#organization\"},\"image\":{\"@id\":\"https:\/\/beyondsuncare.org\/en\/fundacion-unicaja-beyond-suncare-albinism-protection-rwanda\/#primaryimage\"},\"thumbnailUrl\":\"https:\/\/beyondsuncare.org\/wp-content\/uploads\/2025\/06\/15.jpg\",\"articleSection\":[\"Charity\"],\"inLanguage\":\"en-US\"},{\"@type\":\"WebPage\",\"@id\":\"https:\/\/beyondsuncare.org\/en\/fundacion-unicaja-beyond-suncare-albinism-protection-rwanda\/\",\"url\":\"https:\/\/beyondsuncare.org\/en\/fundacion-unicaja-beyond-suncare-albinism-protection-rwanda\/\",\"name\":\"Fundaci\u00f3n Unicaja and Beyond Suncare: together to protect people with albinism in Rwanda from skin cancer - Beyond suncare\",\"isPartOf\":{\"@id\":\"https:\/\/beyondsuncare.org\/en\/#website\"},\"primaryImageOfPage\":{\"@id\":\"https:\/\/beyondsuncare.org\/en\/fundacion-unicaja-beyond-suncare-albinism-protection-rwanda\/#primaryimage\"},\"image\":{\"@id\":\"https:\/\/beyondsuncare.org\/en\/fundacion-unicaja-beyond-suncare-albinism-protection-rwanda\/#primaryimage\"},\"thumbnailUrl\":\"https:\/\/beyondsuncare.org\/wp-content\/uploads\/2025\/06\/15.jpg\",\"datePublished\":\"2025-06-02T10:45:29+00:00\",\"dateModified\":\"2025-12-19T09:16:50+00:00\",\"description\":\"Thanks to the support of Fundaci\u00f3n Unicaja, Beyond Suncare is strengthening its program in Rwanda to protect people with albinism in five districts across the country, ensuring their right to health and social inclusion.\",\"breadcrumb\":{\"@id\":\"https:\/\/beyondsuncare.org\/en\/fundacion-unicaja-beyond-suncare-albinism-protection-rwanda\/#breadcrumb\"},\"inLanguage\":\"en-US\",\"potentialAction\":[{\"@type\":\"ReadAction\",\"target\":[\"https:\/\/beyondsuncare.org\/en\/fundacion-unicaja-beyond-suncare-albinism-protection-rwanda\/\"]}]},{\"@type\":\"ImageObject\",\"inLanguage\":\"en-US\",\"@id\":\"https:\/\/beyondsuncare.org\/en\/fundacion-unicaja-beyond-suncare-albinism-protection-rwanda\/#primaryimage\",\"url\":\"https:\/\/beyondsuncare.org\/wp-content\/uploads\/2025\/06\/15.jpg\",\"contentUrl\":\"https:\/\/beyondsuncare.org\/wp-content\/uploads\/2025\/06\/15.jpg\",\"width\":1200,\"height\":800},{\"@type\":\"BreadcrumbList\",\"@id\":\"https:\/\/beyondsuncare.org\/en\/fundacion-unicaja-beyond-suncare-albinism-protection-rwanda\/#breadcrumb\",\"itemListElement\":[{\"@type\":\"ListItem\",\"position\":1,\"name\":\"Portada\",\"item\":\"https:\/\/beyondsuncare.org\/en\/\"},{\"@type\":\"ListItem\",\"position\":2,\"name\":\"Fundaci\u00f3n Unicaja and Beyond Suncare: together to protect people with albinism in Rwanda from skin cancer\"}]},{\"@type\":\"WebSite\",\"@id\":\"https:\/\/beyondsuncare.org\/en\/#website\",\"url\":\"https:\/\/beyondsuncare.org\/en\/\",\"name\":\"Beyond suncare\",\"description\":\"Desde hace m\u00e1s de 10 a\u00f1os trabajamos cada d\u00eda para asegurar que todas las personas con albinismo vivan protegidas frente al c\u00e1ncer de piel y todo tipo de discriminaci\u00f3n\",\"publisher\":{\"@id\":\"https:\/\/beyondsuncare.org\/en\/#organization\"},\"potentialAction\":[{\"@type\":\"SearchAction\",\"target\":{\"@type\":\"EntryPoint\",\"urlTemplate\":\"https:\/\/beyondsuncare.org\/en\/?s={search_term_string}\"},\"query-input\":{\"@type\":\"PropertyValueSpecification\",\"valueRequired\":true,\"valueName\":\"search_term_string\"}}],\"inLanguage\":\"en-US\"},{\"@type\":\"Organization\",\"@id\":\"https:\/\/beyondsuncare.org\/en\/#organization\",\"name\":\"Beyond Suncare\",\"url\":\"https:\/\/beyondsuncare.org\/en\/\",\"logo\":{\"@type\":\"ImageObject\",\"inLanguage\":\"en-US\",\"@id\":\"https:\/\/beyondsuncare.org\/en\/#\/schema\/logo\/image\/\",\"url\":\"https:\/\/beyondsuncare.org\/wp-content\/uploads\/2019\/04\/beyond-suncare-fondo-transparente.png\",\"contentUrl\":\"https:\/\/beyondsuncare.org\/wp-content\/uploads\/2019\/04\/beyond-suncare-fondo-transparente.png\",\"width\":218,\"height\":80,\"caption\":\"Beyond Suncare\"},\"image\":{\"@id\":\"https:\/\/beyondsuncare.org\/en\/#\/schema\/logo\/image\/\"},\"sameAs\":[\"https:\/\/www.facebook.com\/beyondsuncare\",\"https:\/\/x.com\/beyondsuncare\",\"https:\/\/www.instagram.com\/beyond_suncare\/\",\"https:\/\/www.linkedin.com\/company\/beyond-suncare\/\"]},{\"@type\":\"Person\",\"@id\":\"https:\/\/beyondsuncare.org\/en\/#\/schema\/person\/fa3437909deff644900735264886b857\",\"name\":\"Marc Pedroviejo\",\"image\":{\"@type\":\"ImageObject\",\"inLanguage\":\"en-US\",\"@id\":\"https:\/\/beyondsuncare.org\/en\/#\/schema\/person\/image\/\",\"url\":\"https:\/\/secure.gravatar.com\/avatar\/f0baf74ac888671ef987fb393a1b9ea00ce81df03ff49c8a25c3942ccd6b0a91?s=96&d=wavatar&r=g\",\"contentUrl\":\"https:\/\/secure.gravatar.com\/avatar\/f0baf74ac888671ef987fb393a1b9ea00ce81df03ff49c8a25c3942ccd6b0a91?s=96&d=wavatar&r=g\",\"caption\":\"Marc Pedroviejo\"},\"url\":\"https:\/\/beyondsuncare.org\/en\/author\/marc-pedroviejo\/\"}]}<\/script>","yoast_head_json":{"title":"Fundaci\u00f3n Unicaja and Beyond Suncare: together to protect people with albinism in Rwanda from skin cancer - Beyond suncare","description":"Thanks to the support of Fundaci\u00f3n Unicaja, Beyond Suncare is strengthening its program in Rwanda to protect people with albinism in five districts across the country, ensuring their right to health and social inclusion.","robots":{"index":"index","follow":"follow","max-snippet":"max-snippet:-1","max-image-preview":"max-image-preview:large","max-video-preview":"max-video-preview:-1"},"canonical":"https:\/\/beyondsuncare.org\/en\/fundacion-unicaja-beyond-suncare-albinism-protection-rwanda\/","og_locale":"en_US","og_type":"article","og_title":"Fundaci\u00f3n Unicaja and Beyond Suncare: together to protect people with albinism in Rwanda from skin cancer - Beyond suncare","og_description":"Thanks to the support of Fundaci\u00f3n Unicaja, Beyond Suncare is strengthening its program in Rwanda to protect people with albinism in five districts across the country, ensuring their right to health and social inclusion.","og_url":"https:\/\/beyondsuncare.org\/en\/fundacion-unicaja-beyond-suncare-albinism-protection-rwanda\/","og_site_name":"Beyond suncare","article_publisher":"https:\/\/www.facebook.com\/beyondsuncare","article_published_time":"2025-06-02T10:45:29+00:00","article_modified_time":"2025-12-19T09:16:50+00:00","og_image":[{"width":1200,"height":800,"url":"https:\/\/beyondsuncare.org\/wp-content\/uploads\/2025\/06\/15.jpg","type":"image\/jpeg"}],"author":"Marc Pedroviejo","twitter_card":"summary_large_image","twitter_creator":"@beyondsuncare","twitter_site":"@beyondsuncare","twitter_misc":{"Written by":"Marc Pedroviejo","Est. reading time":"6 minutes"},"schema":{"@context":"https:\/\/schema.org","@graph":[{"@type":"Article","@id":"https:\/\/beyondsuncare.org\/en\/fundacion-unicaja-beyond-suncare-albinism-protection-rwanda\/#article","isPartOf":{"@id":"https:\/\/beyondsuncare.org\/en\/fundacion-unicaja-beyond-suncare-albinism-protection-rwanda\/"},"author":{"name":"Marc Pedroviejo","@id":"https:\/\/beyondsuncare.org\/en\/#\/schema\/person\/fa3437909deff644900735264886b857"},"headline":"Fundaci\u00f3n Unicaja and Beyond Suncare: together to protect people with albinism in Rwanda from skin cancer","datePublished":"2025-06-02T10:45:29+00:00","dateModified":"2025-12-19T09:16:50+00:00","mainEntityOfPage":{"@id":"https:\/\/beyondsuncare.org\/en\/fundacion-unicaja-beyond-suncare-albinism-protection-rwanda\/"},"wordCount":995,"publisher":{"@id":"https:\/\/beyondsuncare.org\/en\/#organization"},"image":{"@id":"https:\/\/beyondsuncare.org\/en\/fundacion-unicaja-beyond-suncare-albinism-protection-rwanda\/#primaryimage"},"thumbnailUrl":"https:\/\/beyondsuncare.org\/wp-content\/uploads\/2025\/06\/15.jpg","articleSection":["Charity"],"inLanguage":"en-US"},{"@type":"WebPage","@id":"https:\/\/beyondsuncare.org\/en\/fundacion-unicaja-beyond-suncare-albinism-protection-rwanda\/","url":"https:\/\/beyondsuncare.org\/en\/fundacion-unicaja-beyond-suncare-albinism-protection-rwanda\/","name":"Fundaci\u00f3n Unicaja and Beyond Suncare: together to protect people with albinism in Rwanda from skin cancer - Beyond suncare","isPartOf":{"@id":"https:\/\/beyondsuncare.org\/en\/#website"},"primaryImageOfPage":{"@id":"https:\/\/beyondsuncare.org\/en\/fundacion-unicaja-beyond-suncare-albinism-protection-rwanda\/#primaryimage"},"image":{"@id":"https:\/\/beyondsuncare.org\/en\/fundacion-unicaja-beyond-suncare-albinism-protection-rwanda\/#primaryimage"},"thumbnailUrl":"https:\/\/beyondsuncare.org\/wp-content\/uploads\/2025\/06\/15.jpg","datePublished":"2025-06-02T10:45:29+00:00","dateModified":"2025-12-19T09:16:50+00:00","description":"Thanks to the support of Fundaci\u00f3n Unicaja, Beyond Suncare is strengthening its program in Rwanda to protect people with albinism in five districts across the country, ensuring their right to health and social inclusion.","breadcrumb":{"@id":"https:\/\/beyondsuncare.org\/en\/fundacion-unicaja-beyond-suncare-albinism-protection-rwanda\/#breadcrumb"},"inLanguage":"en-US","potentialAction":[{"@type":"ReadAction","target":["https:\/\/beyondsuncare.org\/en\/fundacion-unicaja-beyond-suncare-albinism-protection-rwanda\/"]}]},{"@type":"ImageObject","inLanguage":"en-US","@id":"https:\/\/beyondsuncare.org\/en\/fundacion-unicaja-beyond-suncare-albinism-protection-rwanda\/#primaryimage","url":"https:\/\/beyondsuncare.org\/wp-content\/uploads\/2025\/06\/15.jpg","contentUrl":"https:\/\/beyondsuncare.org\/wp-content\/uploads\/2025\/06\/15.jpg","width":1200,"height":800},{"@type":"BreadcrumbList","@id":"https:\/\/beyondsuncare.org\/en\/fundacion-unicaja-beyond-suncare-albinism-protection-rwanda\/#breadcrumb","itemListElement":[{"@type":"ListItem","position":1,"name":"Portada","item":"https:\/\/beyondsuncare.org\/en\/"},{"@type":"ListItem","position":2,"name":"Fundaci\u00f3n Unicaja and Beyond Suncare: together to protect people with albinism in Rwanda from skin cancer"}]},{"@type":"WebSite","@id":"https:\/\/beyondsuncare.org\/en\/#website","url":"https:\/\/beyondsuncare.org\/en\/","name":"Beyond suncare","description":"Desde hace m\u00e1s de 10 a\u00f1os trabajamos cada d\u00eda para asegurar que todas las personas con albinismo vivan protegidas frente al c\u00e1ncer de piel y todo tipo de discriminaci\u00f3n","publisher":{"@id":"https:\/\/beyondsuncare.org\/en\/#organization"},"potentialAction":[{"@type":"SearchAction","target":{"@type":"EntryPoint","urlTemplate":"https:\/\/beyondsuncare.org\/en\/?s={search_term_string}"},"query-input":{"@type":"PropertyValueSpecification","valueRequired":true,"valueName":"search_term_string"}}],"inLanguage":"en-US"},{"@type":"Organization","@id":"https:\/\/beyondsuncare.org\/en\/#organization","name":"Beyond Suncare","url":"https:\/\/beyondsuncare.org\/en\/","logo":{"@type":"ImageObject","inLanguage":"en-US","@id":"https:\/\/beyondsuncare.org\/en\/#\/schema\/logo\/image\/","url":"https:\/\/beyondsuncare.org\/wp-content\/uploads\/2019\/04\/beyond-suncare-fondo-transparente.png","contentUrl":"https:\/\/beyondsuncare.org\/wp-content\/uploads\/2019\/04\/beyond-suncare-fondo-transparente.png","width":218,"height":80,"caption":"Beyond Suncare"},"image":{"@id":"https:\/\/beyondsuncare.org\/en\/#\/schema\/logo\/image\/"},"sameAs":["https:\/\/www.facebook.com\/beyondsuncare","https:\/\/x.com\/beyondsuncare","https:\/\/www.instagram.com\/beyond_suncare\/","https:\/\/www.linkedin.com\/company\/beyond-suncare\/"]},{"@type":"Person","@id":"https:\/\/beyondsuncare.org\/en\/#\/schema\/person\/fa3437909deff644900735264886b857","name":"Marc Pedroviejo","image":{"@type":"ImageObject","inLanguage":"en-US","@id":"https:\/\/beyondsuncare.org\/en\/#\/schema\/person\/image\/","url":"https:\/\/secure.gravatar.com\/avatar\/f0baf74ac888671ef987fb393a1b9ea00ce81df03ff49c8a25c3942ccd6b0a91?s=96&d=wavatar&r=g","contentUrl":"https:\/\/secure.gravatar.com\/avatar\/f0baf74ac888671ef987fb393a1b9ea00ce81df03ff49c8a25c3942ccd6b0a91?s=96&d=wavatar&r=g","caption":"Marc Pedroviejo"},"url":"https:\/\/beyondsuncare.org\/en\/author\/marc-pedroviejo\/"}]}},"_links":{"self":[{"href":"https:\/\/beyondsuncare.org\/en\/wp-json\/wp\/v2\/posts\/8784","targetHints":{"allow":["GET"]}}],"collection":[{"href":"https:\/\/beyondsuncare.org\/en\/wp-json\/wp\/v2\/posts"}],"about":[{"href":"https:\/\/beyondsuncare.org\/en\/wp-json\/wp\/v2\/types\/post"}],"author":[{"embeddable":true,"href":"https:\/\/beyondsuncare.org\/en\/wp-json\/wp\/v2\/users\/13"}],"replies":[{"embeddable":true,"href":"https:\/\/beyondsuncare.org\/en\/wp-json\/wp\/v2\/comments?post=8784"}],"version-history":[{"count":3,"href":"https:\/\/beyondsuncare.org\/en\/wp-json\/wp\/v2\/posts\/8784\/revisions"}],"predecessor-version":[{"id":8798,"href":"https:\/\/beyondsuncare.org\/en\/wp-json\/wp\/v2\/posts\/8784\/revisions\/8798"}],"wp:featuredmedia":[{"embeddable":true,"href":"https:\/\/beyondsuncare.org\/en\/wp-json\/wp\/v2\/media\/7998"}],"wp:attachment":[{"href":"https:\/\/beyondsuncare.org\/en\/wp-json\/wp\/v2\/media?parent=8784"}],"wp:term":[{"taxonomy":"category","embeddable":true,"href":"https:\/\/beyondsuncare.org\/en\/wp-json\/wp\/v2\/categories?post=8784"},{"taxonomy":"post_tag","embeddable":true,"href":"https:\/\/beyondsuncare.org\/en\/wp-json\/wp\/v2\/tags?post=8784"}],"curies":[{"name":"wp","href":"https:\/\/api.w.org\/{rel}","templated":true}]}}